{"id":9746,"date":"2018-08-28T20:32:03","date_gmt":"2018-08-28T18:32:03","guid":{"rendered":"https:\/\/otri.umh.es\/?p=9746"},"modified":"2018-08-28T20:32:03","modified_gmt":"2018-08-28T18:32:03","slug":"subvenciones-para-la-contratacion-de-personal-de-apoyo-vinculado-a-un-proyecto-de-transferencia-tecnologica","status":"publish","type":"post","link":"https:\/\/transferencia.umh.es\/ca\/2018\/08\/28\/subvenciones-para-la-contratacion-de-personal-de-apoyo-vinculado-a-un-proyecto-de-transferencia-tecnologica\/","title":{"rendered":"<span lang=\"es\">(Espa\u00f1ol) SUBVENCIONES PARA LA CONTRATACI\u00d3N DE PERSONAL DE APOYO VINCULADO A UN PROYECTO DE TRANSFERENCIA TECNOL\u00d3GICA<\/span>"},"content":{"rendered":"<p class=\"qtranxs-available-languages-message qtranxs-available-languages-message-ca\">Ho sentim, aquesta entrada es troba disponible \u00fanicament en <a href=\"https:\/\/transferencia.umh.es\/es\/wp-json\/wp\/v2\/posts\/9746\" class=\"qtranxs-available-language-link qtranxs-available-language-link-es\" title=\"Espa\u00f1ol\">Espanyol Europeu<\/a>.<\/p>","protected":false},"excerpt":{"rendered":"<p>Ho sentim, aquesta entrada es troba disponible \u00fanicament en Espanyol Europeu.<\/p>\n","protected":false},"author":149,"featured_media":0,"comment_status":"closed","ping_status":"open","sticky":false,"template":"","format":"standard","meta":{"_links_to":"","_links_to_target":""},"categories":[2162],"tags":[],"_links":{"self":[{"href":"https:\/\/transferencia.umh.es\/ca\/wp-json\/wp\/v2\/posts\/9746"}],"collection":[{"href":"https:\/\/transferencia.umh.es\/ca\/wp-json\/wp\/v2\/posts"}],"about":[{"href":"https:\/\/transferencia.umh.es\/ca\/wp-json\/wp\/v2\/types\/post"}],"author":[{"embeddable":true,"href":"https:\/\/transferencia.umh.es\/ca\/wp-json\/wp\/v2\/users\/149"}],"replies":[{"embeddable":true,"href":"https:\/\/transferencia.umh.es\/ca\/wp-json\/wp\/v2\/comments?post=9746"}],"version-history":[{"count":0,"href":"https:\/\/transferencia.umh.es\/ca\/wp-json\/wp\/v2\/posts\/9746\/revisions"}],"wp:attachment":[{"href":"https:\/\/transferencia.umh.es\/ca\/wp-json\/wp\/v2\/media?parent=9746"}],"wp:term":[{"taxonomy":"category","embeddable":true,"href":"https:\/\/transferencia.umh.es\/ca\/wp-json\/wp\/v2\/categories?post=9746"},{"taxonomy":"post_tag","embeddable":true,"href":"https:\/\/transferencia.umh.es\/ca\/wp-json\/wp\/v2\/tags?post=9746"}],"curies":[{"name":"wp","href":"https:\/\/api.w.org\/{rel}","templated":true}]}}