{"id":9512,"date":"2018-07-05T13:35:06","date_gmt":"2018-07-05T11:35:06","guid":{"rendered":"http:\/\/otri.umh.es\/?p=9512"},"modified":"2018-07-05T13:35:06","modified_gmt":"2018-07-05T11:35:06","slug":"agencia-valenciana-de-innovacion-avi","status":"publish","type":"post","link":"https:\/\/transferencia.umh.es\/ca\/2018\/07\/05\/agencia-valenciana-de-innovacion-avi\/","title":{"rendered":"AG\u00c8NCIA VALENCIANA D&#8217;INNOVACI\u00d3 (AVI)"},"content":{"rendered":"<p>Convocat\u00f2ria d&#8217;Ajudes en mat\u00e8ria d&#8217;enfortiment i desenvolupament del Sistema Valenci\u00e0 d&#8217;Innovaci\u00f3 (AVI) per a la millora del model productiu per a l&#8217;exercici 2018. Es convoquen les seg\u00fcents l\u00ednies d&#8217;acci\u00f3:<\/p>\n<p>1)\u00a0\u00a0\u00a0 <a href=\"https:\/\/transferencia.umh.es\/files\/2018\/07\/AVI-Valorizacion-y-Transferencia-1.pdf\" target=\"_blank\" rel=\"noopener\">Accions de valoritzaci\u00f3 i transfer\u00e8ncia de resultats de\u00a0 recerca a les empreses<\/a><\/p>\n<p>2)\u00a0\u00a0\u00a0 <a href=\"https:\/\/transferencia.umh.es\/files\/2018\/07\/AVI_Proyectos-Estrategicos_2018-1.pdf\" target=\"_blank\" rel=\"noopener\">Projectes estrat\u00e8gics en cooperaci\u00f3<\/a><\/p>\n<p>3)\u00a0\u00a0\u00a0 <a href=\"https:\/\/transferencia.umh.es\/files\/2018\/07\/AVI_Acciones-compl_2018-1.pdf\" target=\"_blank\" rel=\"noopener\">Accions complement\u00e0ries d&#8217;impuls i enfortiment de la innovaci\u00f3<\/a><\/p>\n<p>Termini AVI: <strong>6 d&#8217;agost 2018<\/strong><\/p>","protected":false},"excerpt":{"rendered":"<p>Convocat\u00f2ria d&#8217;Ajudes en mat\u00e8ria d&#8217;enfortiment i desenvolupament del Sistema Valenci\u00e0 d&#8217;Innovaci\u00f3 (AVI) per a la millora del model productiu per a l&#8217;exercici 2018. Es convoquen les seg\u00fcents l\u00ednies d&#8217;acci\u00f3:<br \/>\n1)\u00a0\u00a0\u00a0 Accions de valoritzaci\u00f3 i transfer\u00e8ncia de resultats de\u00a0 recerca a les empreses<br \/>\n2)\u00a0\u00a0\u00a0 Projectes estrat\u00e8gics en cooperaci\u00f3<br \/>\n3)\u00a0\u00a0\u00a0 Accions complement\u00e0ries d&#8217;impuls i enfortiment de la innovaci\u00f3<br \/>\nTermini AVI: 6 [&#8230;]<\/p>\n","protected":false},"author":149,"featured_media":0,"comment_status":"closed","ping_status":"open","sticky":false,"template":"","format":"standard","meta":{"_links_to":"","_links_to_target":""},"categories":[2162],"tags":[],"_links":{"self":[{"href":"https:\/\/transferencia.umh.es\/ca\/wp-json\/wp\/v2\/posts\/9512"}],"collection":[{"href":"https:\/\/transferencia.umh.es\/ca\/wp-json\/wp\/v2\/posts"}],"about":[{"href":"https:\/\/transferencia.umh.es\/ca\/wp-json\/wp\/v2\/types\/post"}],"author":[{"embeddable":true,"href":"https:\/\/transferencia.umh.es\/ca\/wp-json\/wp\/v2\/users\/149"}],"replies":[{"embeddable":true,"href":"https:\/\/transferencia.umh.es\/ca\/wp-json\/wp\/v2\/comments?post=9512"}],"version-history":[{"count":0,"href":"https:\/\/transferencia.umh.es\/ca\/wp-json\/wp\/v2\/posts\/9512\/revisions"}],"wp:attachment":[{"href":"https:\/\/transferencia.umh.es\/ca\/wp-json\/wp\/v2\/media?parent=9512"}],"wp:term":[{"taxonomy":"category","embeddable":true,"href":"https:\/\/transferencia.umh.es\/ca\/wp-json\/wp\/v2\/categories?post=9512"},{"taxonomy":"post_tag","embeddable":true,"href":"https:\/\/transferencia.umh.es\/ca\/wp-json\/wp\/v2\/tags?post=9512"}],"curies":[{"name":"wp","href":"https:\/\/api.w.org\/{rel}","templated":true}]}}