{"id":27691,"date":"2026-04-01T12:12:05","date_gmt":"2026-04-01T10:12:05","guid":{"rendered":"https:\/\/transferencia.umh.es\/?p=27691"},"modified":"2026-04-01T12:12:05","modified_gmt":"2026-04-01T10:12:05","slug":"convocatoria-agencia-valenciana-de-innovacion-avi-ivacei-fortalecimiento-y-desarrollo-del-sistema-valenciano-de-innovacion-2026-2028","status":"publish","type":"post","link":"https:\/\/transferencia.umh.es\/ca\/2026\/04\/01\/convocatoria-agencia-valenciana-de-innovacion-avi-ivacei-fortalecimiento-y-desarrollo-del-sistema-valenciano-de-innovacion-2026-2028\/","title":{"rendered":"<span lang=\"es\">(Espa\u00f1ol) Convocatoria Agencia Valenciana de Innovaci\u00f3n (AVI) (IVACE+i) Fortalecimiento y Desarrollo del Sistema Valenciano de Innovaci\u00f3n 2026-2028<\/span>"},"content":{"rendered":"<p class=\"qtranxs-available-languages-message qtranxs-available-languages-message-ca\">Ho sentim, aquesta entrada es troba disponible \u00fanicament en <a href=\"https:\/\/transferencia.umh.es\/es\/wp-json\/wp\/v2\/posts\/27691\" class=\"qtranxs-available-language-link qtranxs-available-language-link-es\" title=\"Espa\u00f1ol\">Espanyol Europeu<\/a>.<\/p>","protected":false},"excerpt":{"rendered":"<p>Ho sentim, aquesta entrada es troba disponible \u00fanicament en Espanyol Europeu.<\/p>\n","protected":false},"author":1503,"featured_media":0,"comment_status":"closed","ping_status":"open","sticky":false,"template":"","format":"standard","meta":{"_links_to":"","_links_to_target":""},"categories":[228],"tags":[],"_links":{"self":[{"href":"https:\/\/transferencia.umh.es\/ca\/wp-json\/wp\/v2\/posts\/27691"}],"collection":[{"href":"https:\/\/transferencia.umh.es\/ca\/wp-json\/wp\/v2\/posts"}],"about":[{"href":"https:\/\/transferencia.umh.es\/ca\/wp-json\/wp\/v2\/types\/post"}],"author":[{"embeddable":true,"href":"https:\/\/transferencia.umh.es\/ca\/wp-json\/wp\/v2\/users\/1503"}],"replies":[{"embeddable":true,"href":"https:\/\/transferencia.umh.es\/ca\/wp-json\/wp\/v2\/comments?post=27691"}],"version-history":[{"count":0,"href":"https:\/\/transferencia.umh.es\/ca\/wp-json\/wp\/v2\/posts\/27691\/revisions"}],"wp:attachment":[{"href":"https:\/\/transferencia.umh.es\/ca\/wp-json\/wp\/v2\/media?parent=27691"}],"wp:term":[{"taxonomy":"category","embeddable":true,"href":"https:\/\/transferencia.umh.es\/ca\/wp-json\/wp\/v2\/categories?post=27691"},{"taxonomy":"post_tag","embeddable":true,"href":"https:\/\/transferencia.umh.es\/ca\/wp-json\/wp\/v2\/tags?post=27691"}],"curies":[{"name":"wp","href":"https:\/\/api.w.org\/{rel}","templated":true}]}}